{"id":603,"date":"2020-06-26T14:00:00","date_gmt":"2020-06-26T17:00:00","guid":{"rendered":"https:\/\/www.dooca.com.br\/blog\/?p=603"},"modified":"2021-05-10T14:05:34","modified_gmt":"2021-05-10T17:05:34","slug":"publicos-no-facebook-e-instagram-para-escalar-suas-vendas","status":"publish","type":"post","link":"https:\/\/www.dooca.com.br\/blog\/publicos-no-facebook-e-instagram-para-escalar-suas-vendas\/","title":{"rendered":"P\u00fablicos no Facebook e Instagram para escalar suas vendas"},"content":{"rendered":"\n<p>Uma das principais formas de escalar as vendas na sua loja virtual \u00e9 atrav\u00e9s de an\u00fancios no Facebook e Instagram, mas quais s\u00e3o os melhores p\u00fablicos para direcionar os an\u00fancios? Os p\u00fablicos de interesse s\u00e3o importantes e podemos falar mais sobre eles em um pr\u00f3ximo post, mas os p\u00fablicos personalizados, na vis\u00e3o da DKS Digital, s\u00e3o os que mais performam dentro do Facebook e Instagram. Vamos falar um pouco sobre os principais.<\/p>\n\n\n\n<p><strong><em>P\u00fablico Personalizado de Site<\/em>:<\/strong>&nbsp;para a cria\u00e7\u00e3o deste p\u00fablico \u00e9 fundamental ter instalado o Pixel do Facebook no site. Depois disso, o Facebook consegue rastrear as navega\u00e7\u00f5es dentro do site e podemos criar p\u00fablicos de acordo com o comportamento destes usu\u00e1rios. Por exemplo, usu\u00e1rios que simplesmente entraram no site (pageview), usu\u00e1rios que acessaram determinada URL, usu\u00e1rios que visitaram produtos (viewcontent), usu\u00e1rios que colocaram produto no carrinho (addtocart) e usu\u00e1rios que finalizaram a compra (purchase). Os usu\u00e1rios podem permanecer at\u00e9 180 dias (6 meses) dentro deste p\u00fablico, o que quer dizer que voc\u00ea pode impactar eles por at\u00e9 180 dias ap\u00f3s eles acessarem a sua loja virtual. \u00c9 com a cria\u00e7\u00e3o deste p\u00fablico, por exemplo, que podemos criar uma campanha de remarketing, impactando o usu\u00e1rio que colocou um produto no carrinho, mas n\u00e3o finalizou a compra.<\/p>\n\n\n\n<p><em><strong><br>P\u00fablico Personalizado de Lista de Clientes:<\/strong>&nbsp;<\/em>este p\u00fablico \u00e9 criado atrav\u00e9s do mailing (lista de e-mails e telefones) que a loja virtual possui. Subimos esta lista para dentro do Facebook e a ferramenta faz um match entre o e-mail e\/ou telefone com os usu\u00e1rios da rede social. Normalmente 85% destas informa\u00e7\u00f5es batem, e a partir disto \u00e9 poss\u00edvel fazer campanhas exclusivas para os usu\u00e1rios que j\u00e1 s\u00e3o cadastrados na sua base e possivelmente estar\u00e3o aptos a receber o seu conte\u00fado e consumir. \u00c9 poss\u00edvel tamb\u00e9m subir essa lista com a informa\u00e7\u00e3o dos valores gastos por estes compradores no seu e-commerce, deixando a lista com ainda mais informa\u00e7\u00f5es e mostrando para o Facebook qual o perfil de cliente que mais consome na sua loja. Esta informa\u00e7\u00e3o \u00e9 valiosa para a cria\u00e7\u00e3o de um p\u00fablico semelhante (lookalike) que falaremos mais para frente neste post.<\/p>\n\n\n\n<p><em><strong><br>P\u00fablico Personalizado de V\u00eddeo:<\/strong>&nbsp;<\/em>criamos um p\u00fablico de usu\u00e1rios que viram qualquer v\u00eddeo que foi postado na p\u00e1gina do Facebook ou no perfil comercial do Instagram da marca. Diferente do p\u00fablico de site, que voc\u00ea pode impactar o usu\u00e1rio at\u00e9 180 dias depois de acessar o seu site, neste p\u00fablico pode-se impactar o usu\u00e1rio at\u00e9 365 dias (um ano) ap\u00f3s a visualiza\u00e7\u00e3o do v\u00eddeo. S\u00e3o v\u00e1rias op\u00e7\u00f5es dispon\u00edveis de visualiza\u00e7\u00e3o, como: usu\u00e1rios que viram 3 segundos do v\u00eddeo, 10 segundo, 15 segundos, viram 25%, 50%, 75% ou usu\u00e1rios que viram 95% do v\u00eddeo. Todas elas podem ser usadas na estrat\u00e9gia de m\u00eddia, lembrando que quanto mais tempo o usu\u00e1rio viu o v\u00eddeo, maior o interesse dele no produto ou na marca. \u00c9 importante tamb\u00e9m analisar o tempo total de v\u00eddeo. Se for um v\u00eddeo de 1 hora e o usu\u00e1rio viu 25% do v\u00eddeo, ele ficou 15 minutos prestando aten\u00e7\u00e3o no v\u00eddeo, ou seja, tem interesse. Se for um v\u00eddeo de 40 segundos, talvez o p\u00fablico de 25% n\u00e3o seja t\u00e3o adequado, mas sim o de 75%.<br><em><strong><br>P\u00fablico Personalizado de Perfil Comercial do Instagram &amp; P\u00e1gina do Facebook:&nbsp;<\/strong><\/em>neste p\u00fablico tamb\u00e9m \u00e9 poss\u00edvel impactar o usu\u00e1rio at\u00e9 365 dias depois dele ter feito qualquer contato com a p\u00e1gina do Facebook ou o perfil do Instagram. Outra op\u00e7\u00e3o interessante neste p\u00fablico \u00e9 segmentar apenas para as pessoas que acessaram a p\u00e1gina ou perfil, sendo um p\u00fablico ainda mais seleto, pois demonstrou mais interessante acessando a p\u00e1gina ou perfil e n\u00e3o apenas interagindo com um post no feed ou um story que apareceu para ele.<\/p>\n\n\n\n<p><strong><em>BONUS!<\/em><\/strong><em>&nbsp;<strong>P\u00fablicos Semelhantes ou Lookalike:<\/strong>&nbsp;<\/em>todos os p\u00fablicos mencionados acima s\u00e3o de usu\u00e1rios que j\u00e1 conhecem ou foram impactados pela sua marca. Chamamos esses p\u00fablicos de &#8220;p\u00fablico quente&#8221;. Normalmente s\u00e3o os p\u00fablicos que mais convertem na loja virtual. Sabendo que \u00e9 um bom p\u00fablico, n\u00e3o seria interessante acharmos usu\u00e1rios parecidos com estes? O Facebook nos ajudou com isso e nos permite criar p\u00fablicos semelhantes ou tamb\u00e9m conhecidos como lookalike. Depois de criar os p\u00fablicos personalizados podemos fazer a cria\u00e7\u00e3o do p\u00fablico semelhante, que variam de 1% a 10%, sendo 1% um p\u00fablico de um pouco mais de um milh\u00e3o de usu\u00e1rios e o mais semelhante poss\u00edvel do p\u00fablico personalizado. Quanto maior a porcentagem, maior o n\u00famero de usu\u00e1rios, por\u00e9m mais distante a semelhan\u00e7a com o p\u00fablico personalizado. Este novo p\u00fablico criado ser\u00e1 de pessoas que ainda n\u00e3o conhecem a sua marca, logo, chamamos de p\u00fablico frio. Tamb\u00e9m s\u00e3o fundamentais para as campanhas trazerem usu\u00e1rios novos para conhecerem sua loja.<\/p>\n\n\n\n<p><br>Ficou com alguma d\u00favida ou gostaria de entender mais sobre p\u00fablicos? Entre em contato com a DKS Digital pelo link:\u00a0<a href=\"https:\/\/dooca.com.br\/parceiro\/dks-digital\"><strong>dooca.com.br\/parceiro\/dks-digital<\/strong><\/a><br><\/p>\n\n\n\n<p>Este artigo foi escrito por:<br><strong>Dimas Korndorfer Scheffel<\/strong><br>Especialista em E-commerce e Gestor de Tr\u00e1fego pago | <strong><a rel=\"noreferrer noopener\" href=\"https:\/\/dooca.com.br\/parceiro\/dks-digital\" target=\"_blank\">DKS Digital<\/a><\/strong><\/p>\n","protected":false},"excerpt":{"rendered":"<p>Saiba mais sobre os p\u00fablicos personalizados no Facebook e Instagram para escalar suas vendas no E-commerce.<\/p>\n","protected":false},"author":2,"featured_media":604,"comment_status":"closed","ping_status":"open","sticky":false,"template":"","format":"standard","meta":[],"categories":[19],"tags":[50,49,126],"yoast_head":"<!-- This site is optimized with the Yoast SEO plugin v19.6.1 - https:\/\/yoast.com\/wordpress\/plugins\/seo\/ -->\n<title>P\u00fablicos no Facebook e Instagram para escalar suas vendas - Dooca Commerce Blog<\/title>\n<meta name=\"robots\" content=\"index, follow, max-snippet:-1, max-image-preview:large, max-video-preview:-1\" \/>\n<link rel=\"canonical\" href=\"https:\/\/www.dooca.com.br\/blog\/publicos-no-facebook-e-instagram-para-escalar-suas-vendas\/\" \/>\n<meta property=\"og:locale\" content=\"pt_BR\" \/>\n<meta property=\"og:type\" content=\"article\" \/>\n<meta property=\"og:title\" content=\"P\u00fablicos no Facebook e Instagram para escalar suas vendas - Dooca Commerce Blog\" \/>\n<meta property=\"og:description\" content=\"Saiba mais sobre os p\u00fablicos personalizados no Facebook e Instagram para escalar suas vendas no E-commerce.\" \/>\n<meta property=\"og:url\" content=\"https:\/\/www.dooca.com.br\/blog\/publicos-no-facebook-e-instagram-para-escalar-suas-vendas\/\" \/>\n<meta property=\"og:site_name\" content=\"Dooca Commerce Blog\" \/>\n<meta property=\"article:publisher\" content=\"https:\/\/web.facebook.com\/dooca.commerce?_rdc=1&amp;amp%3bamp%3bamp%3bamp%3bamp%3bamp%3bamp%3bamp%3bamp%3bamp%3bamp%3bamp%3bamp%3bamp%3bamp%3bamp%3bamp%3bamp%3bamp%3bamp%3bamp%3bamp%3bamp%3bamp%3bamp%3bamp%3bamp%3bamp%3bamp%3bamp%3bamp%3bamp%3bamp%3b_rdr\" \/>\n<meta property=\"article:published_time\" content=\"2020-06-26T17:00:00+00:00\" \/>\n<meta property=\"article:modified_time\" content=\"2021-05-10T17:05:34+00:00\" \/>\n<meta property=\"og:image\" content=\"https:\/\/www.dooca.com.br\/blog\/wp-content\/uploads\/2021\/05\/capa-rdgbq.png\" \/>\n\t<meta property=\"og:image:width\" content=\"480\" \/>\n\t<meta property=\"og:image:height\" content=\"320\" \/>\n\t<meta property=\"og:image:type\" content=\"image\/png\" \/>\n<meta name=\"author\" content=\"Hellenn\" \/>\n<meta name=\"twitter:card\" content=\"summary_large_image\" \/>\n<meta name=\"twitter:label1\" content=\"Escrito por\" \/>\n\t<meta name=\"twitter:data1\" content=\"Hellenn\" \/>\n\t<meta name=\"twitter:label2\" content=\"Est. tempo de leitura\" \/>\n\t<meta name=\"twitter:data2\" content=\"5 minutos\" \/>\n<script type=\"application\/ld+json\" class=\"yoast-schema-graph\">{\"@context\":\"https:\/\/schema.org\",\"@graph\":[{\"@type\":\"Article\",\"@id\":\"https:\/\/www.dooca.com.br\/blog\/publicos-no-facebook-e-instagram-para-escalar-suas-vendas\/#article\",\"isPartOf\":{\"@id\":\"https:\/\/www.dooca.com.br\/blog\/publicos-no-facebook-e-instagram-para-escalar-suas-vendas\/\"},\"author\":{\"name\":\"Hellenn\",\"@id\":\"https:\/\/www.dooca.com.br\/blog\/#\/schema\/person\/50d256cab1d738cefcbb07183027d9ea\"},\"headline\":\"P\u00fablicos no Facebook e Instagram para escalar suas vendas\",\"datePublished\":\"2020-06-26T17:00:00+00:00\",\"dateModified\":\"2021-05-10T17:05:34+00:00\",\"mainEntityOfPage\":{\"@id\":\"https:\/\/www.dooca.com.br\/blog\/publicos-no-facebook-e-instagram-para-escalar-suas-vendas\/\"},\"wordCount\":927,\"publisher\":{\"@id\":\"https:\/\/www.dooca.com.br\/blog\/#organization\"},\"keywords\":[\"facebook\",\"instagram\",\"tr\u00e1fego pago\"],\"articleSection\":[\"Marketing\"],\"inLanguage\":\"pt-BR\"},{\"@type\":\"WebPage\",\"@id\":\"https:\/\/www.dooca.com.br\/blog\/publicos-no-facebook-e-instagram-para-escalar-suas-vendas\/\",\"url\":\"https:\/\/www.dooca.com.br\/blog\/publicos-no-facebook-e-instagram-para-escalar-suas-vendas\/\",\"name\":\"P\u00fablicos no Facebook e Instagram para escalar suas vendas - Dooca Commerce Blog\",\"isPartOf\":{\"@id\":\"https:\/\/www.dooca.com.br\/blog\/#website\"},\"datePublished\":\"2020-06-26T17:00:00+00:00\",\"dateModified\":\"2021-05-10T17:05:34+00:00\",\"breadcrumb\":{\"@id\":\"https:\/\/www.dooca.com.br\/blog\/publicos-no-facebook-e-instagram-para-escalar-suas-vendas\/#breadcrumb\"},\"inLanguage\":\"pt-BR\",\"potentialAction\":[{\"@type\":\"ReadAction\",\"target\":[\"https:\/\/www.dooca.com.br\/blog\/publicos-no-facebook-e-instagram-para-escalar-suas-vendas\/\"]}]},{\"@type\":\"BreadcrumbList\",\"@id\":\"https:\/\/www.dooca.com.br\/blog\/publicos-no-facebook-e-instagram-para-escalar-suas-vendas\/#breadcrumb\",\"itemListElement\":[{\"@type\":\"ListItem\",\"position\":1,\"name\":\"Home\",\"item\":\"https:\/\/www.dooca.com.br\/blog\/\"},{\"@type\":\"ListItem\",\"position\":2,\"name\":\"P\u00fablicos no Facebook e Instagram para escalar suas vendas\"}]},{\"@type\":\"WebSite\",\"@id\":\"https:\/\/www.dooca.com.br\/blog\/#website\",\"url\":\"https:\/\/www.dooca.com.br\/blog\/\",\"name\":\"Dooca Commerce Blog\",\"description\":\"Not\u00edcias, v\u00eddeos e e-books gratuitos sobre o universo de lojas virtuais.\",\"publisher\":{\"@id\":\"https:\/\/www.dooca.com.br\/blog\/#organization\"},\"potentialAction\":[{\"@type\":\"SearchAction\",\"target\":{\"@type\":\"EntryPoint\",\"urlTemplate\":\"https:\/\/www.dooca.com.br\/blog\/?s={search_term_string}\"},\"query-input\":\"required name=search_term_string\"}],\"inLanguage\":\"pt-BR\"},{\"@type\":\"Organization\",\"@id\":\"https:\/\/www.dooca.com.br\/blog\/#organization\",\"name\":\"Dooca Commerce\",\"url\":\"https:\/\/www.dooca.com.br\/blog\/\",\"sameAs\":[\"https:\/\/www.instagram.com\/dooca.commerce\/\",\"https:\/\/br.linkedin.com\/company\/doocacommerce\",\"https:\/\/www.youtube.com\/channel\/UCCGBsQEj03aMqyVXTFwnjMw\",\"https:\/\/web.facebook.com\/dooca.commerce?_rdc=1&amp;amp;amp;amp;amp;amp;amp;amp;amp;amp;amp;amp;amp;amp;amp;amp;amp;amp;amp;amp;amp;amp;amp;amp;amp;amp;amp;amp;amp;amp;amp;amp;amp;_rdr\"],\"logo\":{\"@type\":\"ImageObject\",\"inLanguage\":\"pt-BR\",\"@id\":\"https:\/\/www.dooca.com.br\/blog\/#\/schema\/logo\/image\/\",\"url\":\"https:\/\/www.dooca.com.br\/blog\/wp-content\/uploads\/2021\/05\/cropped-fb_icon.png\",\"contentUrl\":\"https:\/\/www.dooca.com.br\/blog\/wp-content\/uploads\/2021\/05\/cropped-fb_icon.png\",\"width\":512,\"height\":512,\"caption\":\"Dooca Commerce\"},\"image\":{\"@id\":\"https:\/\/www.dooca.com.br\/blog\/#\/schema\/logo\/image\/\"}},{\"@type\":\"Person\",\"@id\":\"https:\/\/www.dooca.com.br\/blog\/#\/schema\/person\/50d256cab1d738cefcbb07183027d9ea\",\"name\":\"Hellenn\",\"image\":{\"@type\":\"ImageObject\",\"inLanguage\":\"pt-BR\",\"@id\":\"https:\/\/www.dooca.com.br\/blog\/#\/schema\/person\/image\/\",\"url\":\"https:\/\/secure.gravatar.com\/avatar\/ca8ad86af49dc06571e533e5f9f94c0c?s=96&d=mm&r=g\",\"contentUrl\":\"https:\/\/secure.gravatar.com\/avatar\/ca8ad86af49dc06571e533e5f9f94c0c?s=96&d=mm&r=g\",\"caption\":\"Hellenn\"},\"url\":\"https:\/\/www.dooca.com.br\/blog\/author\/hellenn-rech\/\"}]}<\/script>\n<!-- \/ Yoast SEO plugin. -->","yoast_head_json":{"title":"P\u00fablicos no Facebook e Instagram para escalar suas vendas - Dooca Commerce Blog","robots":{"index":"index","follow":"follow","max-snippet":"max-snippet:-1","max-image-preview":"max-image-preview:large","max-video-preview":"max-video-preview:-1"},"canonical":"https:\/\/www.dooca.com.br\/blog\/publicos-no-facebook-e-instagram-para-escalar-suas-vendas\/","og_locale":"pt_BR","og_type":"article","og_title":"P\u00fablicos no Facebook e Instagram para escalar suas vendas - Dooca Commerce Blog","og_description":"Saiba mais sobre os p\u00fablicos personalizados no Facebook e Instagram para escalar suas vendas no E-commerce.","og_url":"https:\/\/www.dooca.com.br\/blog\/publicos-no-facebook-e-instagram-para-escalar-suas-vendas\/","og_site_name":"Dooca Commerce Blog","article_publisher":"https:\/\/web.facebook.com\/dooca.commerce?_rdc=1&amp%3bamp%3bamp%3bamp%3bamp%3bamp%3bamp%3bamp%3bamp%3bamp%3bamp%3bamp%3bamp%3bamp%3bamp%3bamp%3bamp%3bamp%3bamp%3bamp%3bamp%3bamp%3bamp%3bamp%3bamp%3bamp%3bamp%3bamp%3bamp%3bamp%3bamp%3bamp%3bamp%3b_rdr","article_published_time":"2020-06-26T17:00:00+00:00","article_modified_time":"2021-05-10T17:05:34+00:00","og_image":[{"width":480,"height":320,"url":"https:\/\/www.dooca.com.br\/blog\/wp-content\/uploads\/2021\/05\/capa-rdgbq.png","type":"image\/png"}],"author":"Hellenn","twitter_card":"summary_large_image","twitter_misc":{"Escrito por":"Hellenn","Est. tempo de leitura":"5 minutos"},"schema":{"@context":"https:\/\/schema.org","@graph":[{"@type":"Article","@id":"https:\/\/www.dooca.com.br\/blog\/publicos-no-facebook-e-instagram-para-escalar-suas-vendas\/#article","isPartOf":{"@id":"https:\/\/www.dooca.com.br\/blog\/publicos-no-facebook-e-instagram-para-escalar-suas-vendas\/"},"author":{"name":"Hellenn","@id":"https:\/\/www.dooca.com.br\/blog\/#\/schema\/person\/50d256cab1d738cefcbb07183027d9ea"},"headline":"P\u00fablicos no Facebook e Instagram para escalar suas vendas","datePublished":"2020-06-26T17:00:00+00:00","dateModified":"2021-05-10T17:05:34+00:00","mainEntityOfPage":{"@id":"https:\/\/www.dooca.com.br\/blog\/publicos-no-facebook-e-instagram-para-escalar-suas-vendas\/"},"wordCount":927,"publisher":{"@id":"https:\/\/www.dooca.com.br\/blog\/#organization"},"keywords":["facebook","instagram","tr\u00e1fego pago"],"articleSection":["Marketing"],"inLanguage":"pt-BR"},{"@type":"WebPage","@id":"https:\/\/www.dooca.com.br\/blog\/publicos-no-facebook-e-instagram-para-escalar-suas-vendas\/","url":"https:\/\/www.dooca.com.br\/blog\/publicos-no-facebook-e-instagram-para-escalar-suas-vendas\/","name":"P\u00fablicos no Facebook e Instagram para escalar suas vendas - Dooca Commerce Blog","isPartOf":{"@id":"https:\/\/www.dooca.com.br\/blog\/#website"},"datePublished":"2020-06-26T17:00:00+00:00","dateModified":"2021-05-10T17:05:34+00:00","breadcrumb":{"@id":"https:\/\/www.dooca.com.br\/blog\/publicos-no-facebook-e-instagram-para-escalar-suas-vendas\/#breadcrumb"},"inLanguage":"pt-BR","potentialAction":[{"@type":"ReadAction","target":["https:\/\/www.dooca.com.br\/blog\/publicos-no-facebook-e-instagram-para-escalar-suas-vendas\/"]}]},{"@type":"BreadcrumbList","@id":"https:\/\/www.dooca.com.br\/blog\/publicos-no-facebook-e-instagram-para-escalar-suas-vendas\/#breadcrumb","itemListElement":[{"@type":"ListItem","position":1,"name":"Home","item":"https:\/\/www.dooca.com.br\/blog\/"},{"@type":"ListItem","position":2,"name":"P\u00fablicos no Facebook e Instagram para escalar suas vendas"}]},{"@type":"WebSite","@id":"https:\/\/www.dooca.com.br\/blog\/#website","url":"https:\/\/www.dooca.com.br\/blog\/","name":"Dooca Commerce Blog","description":"Not\u00edcias, v\u00eddeos e e-books gratuitos sobre o universo de lojas virtuais.","publisher":{"@id":"https:\/\/www.dooca.com.br\/blog\/#organization"},"potentialAction":[{"@type":"SearchAction","target":{"@type":"EntryPoint","urlTemplate":"https:\/\/www.dooca.com.br\/blog\/?s={search_term_string}"},"query-input":"required name=search_term_string"}],"inLanguage":"pt-BR"},{"@type":"Organization","@id":"https:\/\/www.dooca.com.br\/blog\/#organization","name":"Dooca Commerce","url":"https:\/\/www.dooca.com.br\/blog\/","sameAs":["https:\/\/www.instagram.com\/dooca.commerce\/","https:\/\/br.linkedin.com\/company\/doocacommerce","https:\/\/www.youtube.com\/channel\/UCCGBsQEj03aMqyVXTFwnjMw","https:\/\/web.facebook.com\/dooca.commerce?_rdc=1&amp;amp;amp;amp;amp;amp;amp;amp;amp;amp;amp;amp;amp;amp;amp;amp;amp;amp;amp;amp;amp;amp;amp;amp;amp;amp;amp;amp;amp;amp;amp;amp;amp;_rdr"],"logo":{"@type":"ImageObject","inLanguage":"pt-BR","@id":"https:\/\/www.dooca.com.br\/blog\/#\/schema\/logo\/image\/","url":"https:\/\/www.dooca.com.br\/blog\/wp-content\/uploads\/2021\/05\/cropped-fb_icon.png","contentUrl":"https:\/\/www.dooca.com.br\/blog\/wp-content\/uploads\/2021\/05\/cropped-fb_icon.png","width":512,"height":512,"caption":"Dooca Commerce"},"image":{"@id":"https:\/\/www.dooca.com.br\/blog\/#\/schema\/logo\/image\/"}},{"@type":"Person","@id":"https:\/\/www.dooca.com.br\/blog\/#\/schema\/person\/50d256cab1d738cefcbb07183027d9ea","name":"Hellenn","image":{"@type":"ImageObject","inLanguage":"pt-BR","@id":"https:\/\/www.dooca.com.br\/blog\/#\/schema\/person\/image\/","url":"https:\/\/secure.gravatar.com\/avatar\/ca8ad86af49dc06571e533e5f9f94c0c?s=96&d=mm&r=g","contentUrl":"https:\/\/secure.gravatar.com\/avatar\/ca8ad86af49dc06571e533e5f9f94c0c?s=96&d=mm&r=g","caption":"Hellenn"},"url":"https:\/\/www.dooca.com.br\/blog\/author\/hellenn-rech\/"}]}},"_links":{"self":[{"href":"https:\/\/www.dooca.com.br\/blog\/wp-json\/wp\/v2\/posts\/603"}],"collection":[{"href":"https:\/\/www.dooca.com.br\/blog\/wp-json\/wp\/v2\/posts"}],"about":[{"href":"https:\/\/www.dooca.com.br\/blog\/wp-json\/wp\/v2\/types\/post"}],"author":[{"embeddable":true,"href":"https:\/\/www.dooca.com.br\/blog\/wp-json\/wp\/v2\/users\/2"}],"replies":[{"embeddable":true,"href":"https:\/\/www.dooca.com.br\/blog\/wp-json\/wp\/v2\/comments?post=603"}],"version-history":[{"count":1,"href":"https:\/\/www.dooca.com.br\/blog\/wp-json\/wp\/v2\/posts\/603\/revisions"}],"predecessor-version":[{"id":605,"href":"https:\/\/www.dooca.com.br\/blog\/wp-json\/wp\/v2\/posts\/603\/revisions\/605"}],"wp:featuredmedia":[{"embeddable":true,"href":"https:\/\/www.dooca.com.br\/blog\/wp-json\/wp\/v2\/media\/604"}],"wp:attachment":[{"href":"https:\/\/www.dooca.com.br\/blog\/wp-json\/wp\/v2\/media?parent=603"}],"wp:term":[{"taxonomy":"category","embeddable":true,"href":"https:\/\/www.dooca.com.br\/blog\/wp-json\/wp\/v2\/categories?post=603"},{"taxonomy":"post_tag","embeddable":true,"href":"https:\/\/www.dooca.com.br\/blog\/wp-json\/wp\/v2\/tags?post=603"}],"curies":[{"name":"wp","href":"https:\/\/api.w.org\/{rel}","templated":true}]}}